{"id":235,"date":"2019-06-30T11:29:46","date_gmt":"2019-06-30T11:29:46","guid":{"rendered":"https:\/\/www.derkaepten.de\/?p=235"},"modified":"2019-07-05T14:43:37","modified_gmt":"2019-07-05T14:43:37","slug":"jetzt-ist-es-also-so-weit","status":"publish","type":"post","link":"https:\/\/www.derkaepten.de\/?p=235","title":{"rendered":"Jetzt ist es also so weit"},"content":{"rendered":"\n<p>tja, jetzt kann der &#8222;Rentenz\u00e4hler&#8220; rechts gel\u00f6scht werden. Er geht jetzt schon ins negative \ud83d\ude42 Ist aber schon irgendwie ein merkw\u00fcrdiges Gef\u00fchl jetzt nicht mehr los zu m\u00fcssen. Im Mai\/Juni waren wir ja 5 Wochen mit dem Wohnmobil in Skandinavien unterwegs (<em>wer den Blog lesen m\u00f6chte, bitte melden, ich verschicke gerne den Link<\/em> \ud83d\ude42 ) Das war dann halt wie &#8222;Urlaub&#8220;, obwohl ich immer gesagt habe ich bin auf einer &#8222;Reise&#8220; und nicht in Urlaub. Aber jetzt wieder zu Hause &#8211; naja man wird sich wohl dran gew\u00f6hnen. Bald steht ja das zweite Enkelkind ins Haus, dann sind wir auch  wieder gefordert, da habe ich dann auch nicht viel Zeit zum nachdenken \ud83d\ude42<\/p>\n\n\n\n<p>Mal gucken, vielleicht mache ich hier auch noch etwas weiter. Als neuestes habe ich alle Eisenbahnbilder (in voller Gr\u00f6\u00dfe) aus Finnland in die Galerie gestellt, damit ein guter Freund sich die in voller Sch\u00f6nheit angucken kann.<\/p>\n","protected":false},"excerpt":{"rendered":"<p>tja, jetzt kann der &#8222;Rentenz\u00e4hler&#8220; rechts gel\u00f6scht werden. Er geht jetzt schon ins negative \ud83d\ude42 Ist aber schon irgendwie ein merkw\u00fcrdiges Gef\u00fchl jetzt nicht mehr los zu m\u00fcssen. Im Mai\/Juni waren wir ja 5 Wochen mit dem Wohnmobil in Skandinavien <a class=\"more-link\" href=\"https:\/\/www.derkaepten.de\/?p=235\">Weiterlesen&#8230;<\/a><\/p>\n","protected":false},"author":2,"featured_media":0,"comment_status":"closed","ping_status":"closed","sticky":false,"template":"","format":"standard","meta":{"footnotes":""},"categories":[1],"tags":[],"class_list":["post-235","post","type-post","status-publish","format-standard","hentry","category-uncategorized"],"_links":{"self":[{"href":"https:\/\/www.derkaepten.de\/index.php?rest_route=\/wp\/v2\/posts\/235","targetHints":{"allow":["GET"]}}],"collection":[{"href":"https:\/\/www.derkaepten.de\/index.php?rest_route=\/wp\/v2\/posts"}],"about":[{"href":"https:\/\/www.derkaepten.de\/index.php?rest_route=\/wp\/v2\/types\/post"}],"author":[{"embeddable":true,"href":"https:\/\/www.derkaepten.de\/index.php?rest_route=\/wp\/v2\/users\/2"}],"replies":[{"embeddable":true,"href":"https:\/\/www.derkaepten.de\/index.php?rest_route=%2Fwp%2Fv2%2Fcomments&post=235"}],"version-history":[{"count":1,"href":"https:\/\/www.derkaepten.de\/index.php?rest_route=\/wp\/v2\/posts\/235\/revisions"}],"predecessor-version":[{"id":236,"href":"https:\/\/www.derkaepten.de\/index.php?rest_route=\/wp\/v2\/posts\/235\/revisions\/236"}],"wp:attachment":[{"href":"https:\/\/www.derkaepten.de\/index.php?rest_route=%2Fwp%2Fv2%2Fmedia&parent=235"}],"wp:term":[{"taxonomy":"category","embeddable":true,"href":"https:\/\/www.derkaepten.de\/index.php?rest_route=%2Fwp%2Fv2%2Fcategories&post=235"},{"taxonomy":"post_tag","embeddable":true,"href":"https:\/\/www.derkaepten.de\/index.php?rest_route=%2Fwp%2Fv2%2Ftags&post=235"}],"curies":[{"name":"wp","href":"https:\/\/api.w.org\/{rel}","templated":true}]}}